{"id":88,"date":"2025-06-09T22:05:19","date_gmt":"2025-06-09T20:05:19","guid":{"rendered":"https:\/\/smartnet.gdn\/index.php\/2025\/06\/09\/pourquoi-la-victoire-du-psg-en-ligue-des-champions-ne-va-pas-forcement-profiter-a-lensemble-du-foot-francais-2\/"},"modified":"2025-06-09T22:10:00","modified_gmt":"2025-06-09T20:10:00","slug":"pourquoi-la-victoire-du-psg-en-ligue-des-champions-ne-va-pas-forcement-profiter-a-lensemble-du-foot-francais-2","status":"publish","type":"post","link":"https:\/\/smartnet.gdn\/index.php\/2025\/06\/09\/pourquoi-la-victoire-du-psg-en-ligue-des-champions-ne-va-pas-forcement-profiter-a-lensemble-du-foot-francais-2\/","title":{"rendered":"Pourquoi la victoire du PSG en Ligue des champions ne va pas forc\u00e9ment profiter \u00e0 l\u2019ensemble du foot fran\u00e7ais"},"content":{"rendered":"<p><img decoding=\"async\" src=\"https:\/\/smartnet.gdn\/wp-content\/uploads\/2025\/06\/featured-1.jpg\" alt=\"\" \/><\/p>\n<p><strong>Le PSG, roi de la Ligue des champions : le printemps du football fran\u00e7ais ou simple mirage ?<\/strong><\/p>\n<p>Il y a une semaine, le Paris Saint-Germain a remport\u00e9 la Ligue des champions, un exploit fabuleux qui aurait d\u00fb transformer le paysage du football fran\u00e7ais en un instant. Depuis cet \u00e9v\u00e8nement, les d\u00e9clarations triomphales n\u2019ont pas manqu\u00e9 : \u00ab C\u2019est une victoire pour tout le football fran\u00e7ais ! \u00bb clament certains comme s\u2019il s\u2019agissait de distribuer des m\u00e9dailles \u00e0 tous les clubs de l\u2019Hexagone. Mais qu\u2019en est-il, vraiment ?<\/p>\n<p>La victoire du PSG, bien que historique, ressemble davantage \u00e0 un feu d\u2019artifice vu de loin. Pour des villes comme Laval, Angers ou Reims (ces joyaux du football fran\u00e7ais), cette victoire est une sorte de bonbon qui, au final, n&rsquo;arrange gu\u00e8re les affaires locales. Les supporters, tout en agitant leur drapeau parisien, sont bien loin de se rendre compte que les probl\u00e8mes \u00e9conomiques et sportifs qui les accablent ne s\u2019effaceront pas au rythme des tambours parisiens. Croire que ce triomphe parviendra \u00e0 faire revenir les affluences dans les stades de Ligue 2, c\u2019est comme imaginer qu\u2019un shoot de champagne suffirait \u00e0 effacer tous les tracas du quotidien.<\/p>\n<p>\u00ab Qu\u2019un club fran\u00e7ais remporte la Ligue des champions, c\u2019est un signal fort \u00bb, avance Christophe Bouchet, ancien pr\u00e9sident de l\u2019OM et observateur aguerri. Certes, mais qui a dit que le PSG \u00e9tait le reflet du football fran\u00e7ais ? Un peu comme si l\u2019on pr\u00e9tendait qu\u2019une \u00e9toile filante repr\u00e9sente le ciel tout entier, cette victoire ne fait que mettre en lumi\u00e8re Paris et son club aux moyens ind\u00e9cents, tout cela sans r\u00e9sonner \u00e0 l\u2019\u00e9chelle de la France.<\/p>\n<p>Les effets attendus d&rsquo;un ruissellement se heurtent rapidement au mur de la r\u00e9alit\u00e9 \u00e9conomique. Les droits TV, par exemple, sont g\u00e9r\u00e9s de mani\u00e8re si calamiteuse que m\u00eame une victoire en C1 ne suffira pas \u00e0 rattraper le retard. Jacques Piriou, pr\u00e9sident de l\u2019US Concarneau, se montre lucide : \u00ab On ne peut pas changer la donne pour un Concarneau-Rodez ou un Lorient-Toulouse. Les diffuseurs ne vont pas payer plus pour ces affiches, m\u00eame si le PSG brille au firmament. \u00bb<\/p>\n<p>On peut donc se demander si le football fran\u00e7ais se rel\u00e8vera r\u00e9ellement gr\u00e2ce \u00e0 cette victoire ou s&rsquo;il continuera de p\u00e9daler dans la semoule. En attendant, une chose est s\u00fbre : pour les clubs et supporters en gal\u00e8re, la victoire du PSG est moins une locomotive qu\u2019un train fant\u00f4me. Et si tout le monde se r\u00e9jouit, la f\u00eate risque fort de se terminer par un retour \u00e0 la sordide r\u00e9alit\u00e9.<\/p>\n<p>&nbsp;<\/p>\n","protected":false},"excerpt":{"rendered":"<div class=\"mh-excerpt\"><p>Le PSG, roi de la Ligue des champions : le printemps du football fran\u00e7ais ou simple mirage ? Il y a une semaine, le Paris <a class=\"mh-excerpt-more\" href=\"https:\/\/smartnet.gdn\/index.php\/2025\/06\/09\/pourquoi-la-victoire-du-psg-en-ligue-des-champions-ne-va-pas-forcement-profiter-a-lensemble-du-foot-francais-2\/\" title=\"Pourquoi la victoire du PSG en Ligue des champions ne va pas forc\u00e9ment profiter \u00e0 l\u2019ensemble du foot fran\u00e7ais\">[&#8230;]<\/a><\/p>\n<\/div>","protected":false},"author":1,"featured_media":86,"comment_status":"closed","ping_status":"","sticky":false,"template":"","format":"standard","meta":{"footnotes":""},"categories":[49],"tags":[29],"class_list":["post-88","post","type-post","status-publish","format-standard","has-post-thumbnail","hentry","category-sport","tag-football"],"_links":{"self":[{"href":"https:\/\/smartnet.gdn\/index.php\/wp-json\/wp\/v2\/posts\/88","targetHints":{"allow":["GET"]}}],"collection":[{"href":"https:\/\/smartnet.gdn\/index.php\/wp-json\/wp\/v2\/posts"}],"about":[{"href":"https:\/\/smartnet.gdn\/index.php\/wp-json\/wp\/v2\/types\/post"}],"author":[{"embeddable":true,"href":"https:\/\/smartnet.gdn\/index.php\/wp-json\/wp\/v2\/users\/1"}],"replies":[{"embeddable":true,"href":"https:\/\/smartnet.gdn\/index.php\/wp-json\/wp\/v2\/comments?post=88"}],"version-history":[{"count":2,"href":"https:\/\/smartnet.gdn\/index.php\/wp-json\/wp\/v2\/posts\/88\/revisions"}],"predecessor-version":[{"id":95,"href":"https:\/\/smartnet.gdn\/index.php\/wp-json\/wp\/v2\/posts\/88\/revisions\/95"}],"wp:featuredmedia":[{"embeddable":true,"href":"https:\/\/smartnet.gdn\/index.php\/wp-json\/wp\/v2\/media\/86"}],"wp:attachment":[{"href":"https:\/\/smartnet.gdn\/index.php\/wp-json\/wp\/v2\/media?parent=88"}],"wp:term":[{"taxonomy":"category","embeddable":true,"href":"https:\/\/smartnet.gdn\/index.php\/wp-json\/wp\/v2\/categories?post=88"},{"taxonomy":"post_tag","embeddable":true,"href":"https:\/\/smartnet.gdn\/index.php\/wp-json\/wp\/v2\/tags?post=88"}],"curies":[{"name":"wp","href":"https:\/\/api.w.org\/{rel}","templated":true}]}}