{"id":30,"date":"2025-05-15T22:26:37","date_gmt":"2025-05-15T20:26:37","guid":{"rendered":"https:\/\/smartnet.gdn\/index.php\/2025\/05\/15\/donald-trump-peut-il-vraiment-immobiliser-les-f-35-europeens\/"},"modified":"2025-05-15T22:26:37","modified_gmt":"2025-05-15T20:26:37","slug":"donald-trump-peut-il-vraiment-immobiliser-les-f-35-europeens","status":"publish","type":"post","link":"https:\/\/smartnet.gdn\/index.php\/2025\/05\/15\/donald-trump-peut-il-vraiment-immobiliser-les-f-35-europeens\/","title":{"rendered":"Donald Trump peut-il vraiment immobiliser les F-35 europ\u00e9ens ?"},"content":{"rendered":"<p><strong>La Guerre des F-35 : Quand Donald Trump Se Transforme en Pilote Fant\u00f4me !<\/strong><\/p>\n<p>Ah, la fi\u00e8vre de l\u2019armement ! En ce moment, nos voisins europ\u00e9ens se sont m\u00eame mis \u00e0 collectionner les F-35 comme d\u2019autres s\u2019amusent \u00e0 collectionner des timbres. Mais attention, en cas de petite dispute avec l&rsquo;Oncle Sam, ces pr\u00e9cieux avions pourraient bien devenir aussi utiles qu\u2019un parapluie en kit sous une temp\u00eate tropicale ! <\/p>\n<p>Imaginez la sc\u00e8ne : Donald Trump, bien install\u00e9 dans son fauteuil, un doigt baladeur sur un clavier, pr\u00eat \u00e0 faire claquer un petit clic pour immobiliser tous ces oiseaux de fer europ\u00e9ens. Voil\u00e0 un sc\u00e9nario digne des plus grands thrillers ! En v\u00e9rit\u00e9, 1 100 F-35 sont au garde-\u00e0-vous dans la cour de r\u00e9cr\u00e9ation des puissances militaires, pr\u00eats \u00e0 d\u00e9coller pour un petit tour de man\u00e8ge, mais sous le regard jaug\u00e9 de Washington.<\/p>\n<p>Les Echos nous expliquent que certains politiciens, pris d\u2019une fr\u00e9n\u00e9sie parano\u00efaque aliment\u00e9e par Internet, commencent \u00e0 redouter l&rsquo;existence d&rsquo;une sorte de \u00ab\u00a0porte d\u00e9rob\u00e9e\u00a0\u00bb, cach\u00e9e au milieu des 8 millions de lignes de code de ces engins. Rassurons-les : il n\u2019existe apparemment pas de bouton jaune qui ferait crier \u00ab\u00a0au sol !\u00a0\u00bb \u00e0 tous ces avions. Le g\u00e9n\u00e9ral belge Frederik Vansina a m\u00eame affirm\u00e9 avec une grande assurance : \u00ab\u00a0Nous savons quand m\u00eame ce qu\u2019il y a dans nos avions. Les F-35 ne sont pas des jouets t\u00e9l\u00e9command\u00e9s.\u00a0\u00bb En voil\u00e0 un qui a l\u2019air d\u2019avoir r\u00e9ussi son cours d\u2019\u00e9ducation civique.<\/p>\n<p>Cependant, chers lecteurs, ne vous laissez pas tromper par cette tranquillit\u00e9 apparente. Le F-35, griff\u00e9 Lockheed Martin, se nourrit d\u2019un \u00e9cosyst\u00e8me informatique d\u2019une complexit\u00e9 extr\u00eame. Imaginez une grande base de donn\u00e9es \u00e0 Eglin, en Floride, o\u00f9 les techniciens jonglent avec les mises \u00e0 jour et la maintenance tout en gardant un \u0153il sur chaque machine. En th\u00e9orie (et c&rsquo;est l\u00e0 que \u00e7a devient croustillant), une pirouette informatique pourrait clouer ces avions au sol. Mais la bonne nouvelle, c\u2019est qu\u2019ils peuvent survivre jusqu&rsquo;\u00e0 30 jours sans l&rsquo;ombre du petit fr\u00e8re am\u00e9ricain.<\/p>\n<p>Pour couronner le tout, les fichiers de mission, v\u00e9ritables Sainte Graal des op\u00e9rations, doivent \u00eatre concoct\u00e9s et test\u00e9s aux \u00c9tats-Unis avant chaque envol\u00e9e des F-35. Les \u00e9quipes europ\u00e9ennes doivent prendre leur billet d&rsquo;avion, se soumettre \u00e0 la f\u00e9rule des chefs am\u00e9ricains et prier pour ne pas se retrouver avec une mission d\u00e9guis\u00e9e en sortie scolaire au jardin d\u2019enfants.<\/p>\n<p>En somme, la d\u00e9pendance des pays europ\u00e9ens vis-\u00e0-vis des \u00c9tats-Unis en mati\u00e8re d\u2019armement est blessante pour leur fiert\u00e9 nationale. \u00c0 l\u2019approche des \u00e9lections, le vrai jeu de soci\u00e9t\u00e9 commence : qui aura le dernier mot sur ces F-35 ? Rendez-vous sur les r\u00e9seaux sociaux pour voir le prochain \u00e9pisode de cette passionnante saga !<\/p>\n","protected":false},"excerpt":{"rendered":"<div class=\"mh-excerpt\"><p>La Guerre des F-35 : Quand Donald Trump Se Transforme en Pilote Fant\u00f4me ! Ah, la fi\u00e8vre de l\u2019armement ! En ce moment, nos voisins <a class=\"mh-excerpt-more\" href=\"https:\/\/smartnet.gdn\/index.php\/2025\/05\/15\/donald-trump-peut-il-vraiment-immobiliser-les-f-35-europeens\/\" title=\"Donald Trump peut-il vraiment immobiliser les F-35 europ\u00e9ens ?\">[&#8230;]<\/a><\/p>\n<\/div>","protected":false},"author":1,"featured_media":29,"comment_status":"open","ping_status":"open","sticky":false,"template":"","format":"standard","meta":{"footnotes":""},"categories":[3],"tags":[7,12],"class_list":["post-30","post","type-post","status-publish","format-standard","has-post-thumbnail","hentry","category-politique","tag-politique","tag-usa"],"_links":{"self":[{"href":"https:\/\/smartnet.gdn\/index.php\/wp-json\/wp\/v2\/posts\/30","targetHints":{"allow":["GET"]}}],"collection":[{"href":"https:\/\/smartnet.gdn\/index.php\/wp-json\/wp\/v2\/posts"}],"about":[{"href":"https:\/\/smartnet.gdn\/index.php\/wp-json\/wp\/v2\/types\/post"}],"author":[{"embeddable":true,"href":"https:\/\/smartnet.gdn\/index.php\/wp-json\/wp\/v2\/users\/1"}],"replies":[{"embeddable":true,"href":"https:\/\/smartnet.gdn\/index.php\/wp-json\/wp\/v2\/comments?post=30"}],"version-history":[{"count":0,"href":"https:\/\/smartnet.gdn\/index.php\/wp-json\/wp\/v2\/posts\/30\/revisions"}],"wp:featuredmedia":[{"embeddable":true,"href":"https:\/\/smartnet.gdn\/index.php\/wp-json\/wp\/v2\/media\/29"}],"wp:attachment":[{"href":"https:\/\/smartnet.gdn\/index.php\/wp-json\/wp\/v2\/media?parent=30"}],"wp:term":[{"taxonomy":"category","embeddable":true,"href":"https:\/\/smartnet.gdn\/index.php\/wp-json\/wp\/v2\/categories?post=30"},{"taxonomy":"post_tag","embeddable":true,"href":"https:\/\/smartnet.gdn\/index.php\/wp-json\/wp\/v2\/tags?post=30"}],"curies":[{"name":"wp","href":"https:\/\/api.w.org\/{rel}","templated":true}]}}