{"id":24,"date":"2025-05-15T22:08:23","date_gmt":"2025-05-15T20:08:23","guid":{"rendered":"https:\/\/smartnet.gdn\/index.php\/2025\/05\/15\/pourparlers-de-paix-a-istanbul-sans-poutine\/"},"modified":"2025-06-09T22:46:25","modified_gmt":"2025-06-09T20:46:25","slug":"pourparlers-de-paix-a-istanbul-sans-poutine","status":"publish","type":"post","link":"https:\/\/smartnet.gdn\/index.php\/2025\/05\/15\/pourparlers-de-paix-a-istanbul-sans-poutine\/","title":{"rendered":"Pourparlers de paix \u00e0 Istanbul sans Poutine"},"content":{"rendered":"\n<figure class=\"wp-block-image size-large\"><img loading=\"lazy\" decoding=\"async\" width=\"1024\" height=\"576\" src=\"https:\/\/smartnet.gdn\/wp-content\/uploads\/2025\/05\/who-is-Ukrainian-president-Volodymyr-Zelensky-1024x576.webp\" alt=\"\" class=\"wp-image-27\" srcset=\"https:\/\/smartnet.gdn\/wp-content\/uploads\/2025\/05\/who-is-Ukrainian-president-Volodymyr-Zelensky-1024x576.webp 1024w, https:\/\/smartnet.gdn\/wp-content\/uploads\/2025\/05\/who-is-Ukrainian-president-Volodymyr-Zelensky-300x169.webp 300w, https:\/\/smartnet.gdn\/wp-content\/uploads\/2025\/05\/who-is-Ukrainian-president-Volodymyr-Zelensky-768x432.webp 768w, https:\/\/smartnet.gdn\/wp-content\/uploads\/2025\/05\/who-is-Ukrainian-president-Volodymyr-Zelensky-1536x864.webp 1536w, https:\/\/smartnet.gdn\/wp-content\/uploads\/2025\/05\/who-is-Ukrainian-president-Volodymyr-Zelensky-678x381.webp 678w, https:\/\/smartnet.gdn\/wp-content\/uploads\/2025\/05\/who-is-Ukrainian-president-Volodymyr-Zelensky.webp 1920w\" sizes=\"auto, (max-width: 1024px) 100vw, 1024px\" \/><\/figure>\n\n\n<p>Le jeudi 15 mai 2025, le pr\u00e9sident ukrainien Volodymyr Zelensky s&rsquo;est rendu \u00e0 Ankara pour une rencontre cruciale avec son homologue turc Recep Tayyip Erdo\u011fan, dans un contexte de tensions persistantes entre l&rsquo;Ukraine et la Russie. Cette visite intervient alors que des pourparlers de paix sont pr\u00e9vus \u00e0 Istanbul, bien que la participation du pr\u00e9sident russe Vladimir Poutine reste incertaine.<\/p>\n<p>Rencontre avec Erdo\u011fan \u00e0 Ankara<br \/>\nZelensky a atterri \u00e0 l&rsquo;a\u00e9roport d&rsquo;Esenbo\u011fa \u00e0 Ankara, o\u00f9 il a \u00e9t\u00e9 accueilli avec les honneurs par le pr\u00e9sident Erdo\u011fan. Les deux dirigeants ont tenu une r\u00e9union \u00e0 huis clos de pr\u00e8s de trois heures, abordant les perspectives de paix et la situation s\u00e9curitaire en Europe de l&rsquo;Est. Erdo\u011fan, qui entretient des relations avec Kyiv et Moscou, cherche \u00e0 positionner la Turquie comme m\u00e9diateur dans le conflit.<br \/>\nKyiv Independent<\/p>\n<p>Pourparlers de paix \u00e0 Istanbul sans Poutine<br \/>\nParall\u00e8lement, des d\u00e9l\u00e9gations ukrainienne et russe sont attendues \u00e0 Istanbul pour des pourparlers de paix. Cependant, Poutine a d\u00e9clin\u00e9 l&rsquo;invitation, envoyant \u00e0 la place une d\u00e9l\u00e9gation dirig\u00e9e par Vladimir Medinsky, ancien ministre de la Culture. Zelensky a critiqu\u00e9 cette d\u00e9cision, la qualifiant de signe de manque de s\u00e9rieux de la part de Moscou.<\/p>\n<p>R\u00e9actions internationales et perspectives<br \/>\nLa communaut\u00e9 internationale, notamment les \u00c9tats-Unis et l&rsquo;Union europ\u00e9enne, observe ces d\u00e9veloppements avec attention. Le pr\u00e9sident am\u00e9ricain Donald Trump a exprim\u00e9 son int\u00e9r\u00eat pour une rencontre avec Poutine, sugg\u00e9rant qu&rsquo;une telle r\u00e9union pourrait \u00eatre d\u00e9terminante pour avancer vers la paix. De leur c\u00f4t\u00e9, les dirigeants europ\u00e9ens appellent \u00e0 un cessez-le-feu imm\u00e9diat et sans conditions, mena\u00e7ant de nouvelles sanctions contre la Russie en cas d&rsquo;inaction.<\/p>\n<p>\nLa visite de Zelensky en Turquie marque une \u00e9tape importante dans les efforts diplomatiques visant \u00e0 r\u00e9soudre le conflit russo-ukrainien. Cependant, l&rsquo;absence de Poutine aux pourparlers d&rsquo;Istanbul soul\u00e8ve des questions sur la volont\u00e9 r\u00e9elle de la Russie de parvenir \u00e0 une solution pacifique. La Turquie, en tant que m\u00e9diateur potentiel, joue un r\u00f4le cl\u00e9 dans cette dynamique complexe.<\/p>","protected":false},"excerpt":{"rendered":"<div class=\"mh-excerpt\"><p>Le jeudi 15 mai 2025, le pr\u00e9sident ukrainien Volodymyr Zelensky s&rsquo;est rendu \u00e0 Ankara pour une rencontre cruciale avec son homologue turc Recep Tayyip Erdo\u011fan, <a class=\"mh-excerpt-more\" href=\"https:\/\/smartnet.gdn\/index.php\/2025\/05\/15\/pourparlers-de-paix-a-istanbul-sans-poutine\/\" title=\"Pourparlers de paix \u00e0 Istanbul sans Poutine\">[&#8230;]<\/a><\/p>\n<\/div>","protected":false},"author":1,"featured_media":27,"comment_status":"open","ping_status":"open","sticky":false,"template":"","format":"standard","meta":{"footnotes":""},"categories":[3],"tags":[7,11],"class_list":["post-24","post","type-post","status-publish","format-standard","has-post-thumbnail","hentry","category-politique","tag-politique","tag-ukraine"],"_links":{"self":[{"href":"https:\/\/smartnet.gdn\/index.php\/wp-json\/wp\/v2\/posts\/24","targetHints":{"allow":["GET"]}}],"collection":[{"href":"https:\/\/smartnet.gdn\/index.php\/wp-json\/wp\/v2\/posts"}],"about":[{"href":"https:\/\/smartnet.gdn\/index.php\/wp-json\/wp\/v2\/types\/post"}],"author":[{"embeddable":true,"href":"https:\/\/smartnet.gdn\/index.php\/wp-json\/wp\/v2\/users\/1"}],"replies":[{"embeddable":true,"href":"https:\/\/smartnet.gdn\/index.php\/wp-json\/wp\/v2\/comments?post=24"}],"version-history":[{"count":1,"href":"https:\/\/smartnet.gdn\/index.php\/wp-json\/wp\/v2\/posts\/24\/revisions"}],"predecessor-version":[{"id":28,"href":"https:\/\/smartnet.gdn\/index.php\/wp-json\/wp\/v2\/posts\/24\/revisions\/28"}],"wp:featuredmedia":[{"embeddable":true,"href":"https:\/\/smartnet.gdn\/index.php\/wp-json\/wp\/v2\/media\/27"}],"wp:attachment":[{"href":"https:\/\/smartnet.gdn\/index.php\/wp-json\/wp\/v2\/media?parent=24"}],"wp:term":[{"taxonomy":"category","embeddable":true,"href":"https:\/\/smartnet.gdn\/index.php\/wp-json\/wp\/v2\/categories?post=24"},{"taxonomy":"post_tag","embeddable":true,"href":"https:\/\/smartnet.gdn\/index.php\/wp-json\/wp\/v2\/tags?post=24"}],"curies":[{"name":"wp","href":"https:\/\/api.w.org\/{rel}","templated":true}]}}