{"id":20,"date":"2025-05-14T18:13:20","date_gmt":"2025-05-14T16:13:20","guid":{"rendered":"https:\/\/smartnet.gdn\/index.php\/2025\/05\/14\/emmanuel-macron-renvoye-a-son-impuissance\/"},"modified":"2025-06-09T22:13:05","modified_gmt":"2025-06-09T20:13:05","slug":"emmanuel-macron-renvoye-a-son-impuissance","status":"publish","type":"post","link":"https:\/\/smartnet.gdn\/index.php\/2025\/05\/14\/emmanuel-macron-renvoye-a-son-impuissance\/","title":{"rendered":"Emmanuel Macron renvoy\u00e9 \u00e0 son impuissance"},"content":{"rendered":"<p><strong>Emmanuel Macron : le pr\u00e9sident au grand d\u00e9ballage<\/strong><\/p>\n<p>Mardi 13 mai, Emmanuel Macron a d\u00e9cid\u00e9 de se plonger dans un long bain m\u00e9diatique de plus de trois heures sur TF1. Un moment d\u2019introspection, ou plut\u00f4t un t\u00eate-\u00e0-t\u00eate avec le d\u00e9sespoir, car tout le monde l&rsquo;attendait au tournant. Avec l&rsquo;espoir de reconnecter avec les Fran\u00e7ais apr\u00e8s une dissolution de l\u2019Assembl\u00e9e nationale aussi glissante qu\u2019une peau de banane, le pr\u00e9sident s\u2019est retrouv\u00e9 au milieu d\u2019une ar\u00e8ne peu amicale, entour\u00e9 de d\u00e9put\u00e9s, syndicalistes et autres figures de la soci\u00e9t\u00e9 civile. Un casting de choix qui a rapidement pris des allures de tribunal.<\/p>\n<p>Avec des questions acerbes sur l\u2019emploi, la retraite, et tout ce qui concerne la fiscalit\u00e9, le pr\u00e9sident a fini par ressembler \u00e0 un \u00e9l\u00e8ve de seconde en rattrapage. \u00c0 la fin, sa chantonnette sur le \u00ab tous ensemble \u00bb r\u00e9sonnait comme une m\u00e9lodie fun\u00e8bre dans une salle vide. Alors que l\u2019on s\u2019attendait \u00e0 des promesses de r\u00e9f\u00e9rendums flamboyants sur des r\u00e9formes qui feraient r\u00eaver, Macron a fait preuve de la m\u00eame pr\u00e9cision qu\u2019un horloger suisse\u2026 en pleine temp\u00eate. Les sujets des r\u00e9f\u00e9rendums ? Myst\u00e8re ! Peut-\u00eatre qu&rsquo;il attend que les \u00e9toiles s\u2019alignent ou qu\u2019une mouette crie \u00e0 l\u2019unisson.<\/p>\n<p>Et que dire de son premier ministre, Fran\u00e7ois Bayrou, qui a d\u00fb se sentir aussi utile qu&rsquo;un parapluie dans un ouragan. Le pr\u00e9sident a r\u00e9affirm\u00e9 sa confiance dans un contexte o\u00f9 Bayrou lui-m\u00eame ne doit pas se sentir en tr\u00e8s bonne posture. Ah, la fiscalit\u00e9 ! Cette belle histoire d\u2019amour que le pr\u00e9sident pr\u00e9f\u00e8re laisser au Parlement, comme un enfant confiant ses jouets \u00e0 la babysitter.<\/p>\n<p>Sur la question des r\u00e9f\u00e9rendums, Macron a su faire preuve d\u2019une diplomatie de plomb : pas question de toucher \u00e0 l&rsquo;immigration, hein ? Ni de frotter le sujet des retraites, qui, \u00e0 ce stade, semble plus br\u00fblant qu\u2019un barbecue en plein \u00e9t\u00e9. Seule constante : le mantra de travailler plus, produire plus, mais sans augmenter les imp\u00f4ts. Une strat\u00e9gie qui rappelle un peu un \u00e9l\u00e8ve qui promet de travailler dur pendant qu\u2019il passe son temps \u00e0 faire des ch\u00e2teaux de sable.<\/p>\n<p>En somme, si Macron esp\u00e9rait faire de cette \u00e9mission un retour en gr\u00e2ce, il a plut\u00f4t offert un spectacle de marionnettes dont les fils seraient d\u00e9sormais bien trop emm\u00eal\u00e9s. La conclusion ? Peut-\u00eatre qu\u2019un bon vieux silence aurait \u00e9t\u00e9 la meilleure des r\u00e9ponses. D&rsquo;ici \u00e0 la prochaine dissolution, le monarque pourrait s\u00e9rieusement envisager de retrouver le calme du bureau pr\u00e9sidentiel, arm\u00e9 de sa plume et de son courage. On se demande s&rsquo;il parviendra \u00e0 sortir de cette temp\u00eate\u2026 ou s&rsquo;il finira par nager avec les poissons.<\/p>\n<p><img decoding=\"async\" src=\"https:\/\/smartnet.gdn\/wp-content\/uploads\/2025\/05\/20250513221307-66247912.jpg\" alt=\"Image\"><\/p>\n","protected":false},"excerpt":{"rendered":"<div class=\"mh-excerpt\"><p>Emmanuel Macron : le pr\u00e9sident au grand d\u00e9ballage Mardi 13 mai, Emmanuel Macron a d\u00e9cid\u00e9 de se plonger dans un long bain m\u00e9diatique de plus <a class=\"mh-excerpt-more\" href=\"https:\/\/smartnet.gdn\/index.php\/2025\/05\/14\/emmanuel-macron-renvoye-a-son-impuissance\/\" title=\"Emmanuel Macron renvoy\u00e9 \u00e0 son impuissance\">[&#8230;]<\/a><\/p>\n<\/div>","protected":false},"author":1,"featured_media":18,"comment_status":"closed","ping_status":"closed","sticky":false,"template":"","format":"standard","meta":{"footnotes":""},"categories":[3],"tags":[6,7],"class_list":["post-20","post","type-post","status-publish","format-standard","has-post-thumbnail","hentry","category-politique","tag-macron","tag-politique"],"_links":{"self":[{"href":"https:\/\/smartnet.gdn\/index.php\/wp-json\/wp\/v2\/posts\/20","targetHints":{"allow":["GET"]}}],"collection":[{"href":"https:\/\/smartnet.gdn\/index.php\/wp-json\/wp\/v2\/posts"}],"about":[{"href":"https:\/\/smartnet.gdn\/index.php\/wp-json\/wp\/v2\/types\/post"}],"author":[{"embeddable":true,"href":"https:\/\/smartnet.gdn\/index.php\/wp-json\/wp\/v2\/users\/1"}],"replies":[{"embeddable":true,"href":"https:\/\/smartnet.gdn\/index.php\/wp-json\/wp\/v2\/comments?post=20"}],"version-history":[{"count":1,"href":"https:\/\/smartnet.gdn\/index.php\/wp-json\/wp\/v2\/posts\/20\/revisions"}],"predecessor-version":[{"id":99,"href":"https:\/\/smartnet.gdn\/index.php\/wp-json\/wp\/v2\/posts\/20\/revisions\/99"}],"wp:featuredmedia":[{"embeddable":true,"href":"https:\/\/smartnet.gdn\/index.php\/wp-json\/wp\/v2\/media\/18"}],"wp:attachment":[{"href":"https:\/\/smartnet.gdn\/index.php\/wp-json\/wp\/v2\/media?parent=20"}],"wp:term":[{"taxonomy":"category","embeddable":true,"href":"https:\/\/smartnet.gdn\/index.php\/wp-json\/wp\/v2\/categories?post=20"},{"taxonomy":"post_tag","embeddable":true,"href":"https:\/\/smartnet.gdn\/index.php\/wp-json\/wp\/v2\/tags?post=20"}],"curies":[{"name":"wp","href":"https:\/\/api.w.org\/{rel}","templated":true}]}}