{"id":131,"date":"2025-06-11T16:29:45","date_gmt":"2025-06-11T14:29:45","guid":{"rendered":"https:\/\/smartnet.gdn\/index.php\/2025\/06\/11\/quand-meteo-france-se-met-au-theatre-orages-en-premiere-classe-dans-le-sud\/"},"modified":"2025-06-11T16:30:42","modified_gmt":"2025-06-11T14:30:42","slug":"quand-meteo-france-se-met-au-theatre-orages-en-premiere-classe-dans-le-sud","status":"publish","type":"post","link":"https:\/\/smartnet.gdn\/index.php\/2025\/06\/11\/quand-meteo-france-se-met-au-theatre-orages-en-premiere-classe-dans-le-sud\/","title":{"rendered":"Quand M\u00e9t\u00e9o France se met au th\u00e9\u00e2tre : Orages en premi\u00e8re classe dans le Sud"},"content":{"rendered":"<p><img decoding=\"async\" src=\"https:\/\/smartnet.gdn\/wp-content\/uploads\/2025\/06\/featured-11.jpg\" alt=\"\"><\/p>\n<p><strong>Alerte aux orages : La m\u00e9t\u00e9o fait des siennes dans le Sud-Ouest !<\/strong><\/p>\n<p>Ah, la m\u00e9t\u00e9o ! Ce caprice \u00e9ternel qui nous rappelle que m\u00eame les meilleurs amis peuvent nous l\u00e2cher un orage sur la t\u00eate. M\u00e9t\u00e9o France, ce grand oracle de notre quotidien, a d\u00e9cid\u00e9 de mettre quatre d\u00e9partements du Sud-Ouest en vigilance orange, comme une alerte au shopping dans les centres commerciaux, mais en beaucoup moins amusant. La Gironde, les Landes, le Lot-et-Garonne et le Gers s&rsquo;y voient donc condamn\u00e9s \u00e0 vivre une fin d&rsquo;apr\u00e8s-midi mouvement\u00e9e.<\/p>\n<p>\u00c0 partir de 16h, ces fiers d\u00e9partements accueillent avec enthousiasme une premi\u00e8re salve d&rsquo;orages, comme si le ciel avait d\u00e9cid\u00e9 de faire la f\u00eate apr\u00e8s une longue sieste estivale. Rassurons-nous, cependant, le tonnerre a du bon, surtout quand il est accompagn\u00e9 de rafales de vent \u00e0 100 km\/h et de pluie \u00e0 gogo. Parce qu&rsquo;apr\u00e8s tout, rien de tel qu\u2019un petit torrent pour adoucir la chaleur \u00e9crasante qui, avouons-le, nous faisait s\u00e9rieusement regretter l&rsquo;ombre des arbres.<\/p>\n<p>La chaleur, parlons-en ! Ce soleil de plomb a d\u00e9cid\u00e9 de faire la star, affichant des temp\u00e9ratures flirtant avec les 38\u00b0C. \u00c0 ce rythme-l\u00e0, nos amis les glaciers doivent s\u00e9rieusement envisager de se reconvertir en boules \u00e0 neige. Avec 37\u00b0C \u00e0 Biscarosse et un bon 34\u00b0C \u00e0 Toulouse, la France sudiste se pr\u00e9pare \u00e0 jouer dans la cour des grands. La sauna, c&rsquo;est pour les amateurs, ici on parle de climat m\u00e9diterran\u00e9en sans m\u00eame quitter le Sud-Ouest !<\/p>\n<p>Et pendant que le Sud suant tente d\u00e9sesp\u00e9r\u00e9ment de trouver un coin d\u2019ombre, une nouvelle brigade orageuse s&rsquo;annonce pour la nuit. M\u00e9t\u00e9o France pr\u00e9dit d\u00e9j\u00e0 une deuxi\u00e8me vague orageuse qui pourrait jouer les prolongations. Un cocktail explosif d&rsquo;air chaud espagnol, d&rsquo;humidit\u00e9 atlantique et d&rsquo;air froid en altitude, et voil\u00e0 comment se pr\u00e9pare une soir\u00e9e digne des plus mauvais feuilletons t\u00e9l\u00e9. <\/p>\n<p>En attendant, notre cher Sud-Ouest devra faire avec les \u00e9clairs et le bruit du tonnerre, feignant d\u2019ignorer que ces \u00e9v\u00e9nements m\u00e9t\u00e9orologiques sont tout sauf in\u00e9dits. En 2003 d\u00e9j\u00e0, on avait connu un mois de juin aussi torride, et malgr\u00e9 tout, on s\u2019en \u00e9tait sorti. <\/p>\n<p>Alors, chers lecteurs, pr\u00e9parez vos parapluies et vos \u00e9ventails. Qui sait ? Ces orages pourraient bien nous donner le spectacle dont nous avons toujours r\u00eav\u00e9&#8230; en esp\u00e9rant juste que ce ne soit pas celui d&rsquo;un nouveau d\u00e9luge.<\/p>\n<p><img decoding=\"async\" src=\"https:\/\/smartnet.gdn\/wp-content\/uploads\/2025\/06\/extra-5.jpg\" alt=\"\"><\/p>\n","protected":false},"excerpt":{"rendered":"<div class=\"mh-excerpt\"><p>Alerte aux orages : La m\u00e9t\u00e9o fait des siennes dans le Sud-Ouest ! Ah, la m\u00e9t\u00e9o ! Ce caprice \u00e9ternel qui nous rappelle que m\u00eame <a class=\"mh-excerpt-more\" href=\"https:\/\/smartnet.gdn\/index.php\/2025\/06\/11\/quand-meteo-france-se-met-au-theatre-orages-en-premiere-classe-dans-le-sud\/\" title=\"Quand M\u00e9t\u00e9o France se met au th\u00e9\u00e2tre : Orages en premi\u00e8re classe dans le Sud\">[&#8230;]<\/a><\/p>\n<\/div>","protected":false},"author":1,"featured_media":129,"comment_status":"closed","ping_status":"","sticky":false,"template":"","format":"standard","meta":{"footnotes":""},"categories":[4],"tags":[61],"class_list":["post-131","post","type-post","status-publish","format-standard","has-post-thumbnail","hentry","category-social","tag-meteo"],"_links":{"self":[{"href":"https:\/\/smartnet.gdn\/index.php\/wp-json\/wp\/v2\/posts\/131","targetHints":{"allow":["GET"]}}],"collection":[{"href":"https:\/\/smartnet.gdn\/index.php\/wp-json\/wp\/v2\/posts"}],"about":[{"href":"https:\/\/smartnet.gdn\/index.php\/wp-json\/wp\/v2\/types\/post"}],"author":[{"embeddable":true,"href":"https:\/\/smartnet.gdn\/index.php\/wp-json\/wp\/v2\/users\/1"}],"replies":[{"embeddable":true,"href":"https:\/\/smartnet.gdn\/index.php\/wp-json\/wp\/v2\/comments?post=131"}],"version-history":[{"count":1,"href":"https:\/\/smartnet.gdn\/index.php\/wp-json\/wp\/v2\/posts\/131\/revisions"}],"predecessor-version":[{"id":132,"href":"https:\/\/smartnet.gdn\/index.php\/wp-json\/wp\/v2\/posts\/131\/revisions\/132"}],"wp:featuredmedia":[{"embeddable":true,"href":"https:\/\/smartnet.gdn\/index.php\/wp-json\/wp\/v2\/media\/129"}],"wp:attachment":[{"href":"https:\/\/smartnet.gdn\/index.php\/wp-json\/wp\/v2\/media?parent=131"}],"wp:term":[{"taxonomy":"category","embeddable":true,"href":"https:\/\/smartnet.gdn\/index.php\/wp-json\/wp\/v2\/categories?post=131"},{"taxonomy":"post_tag","embeddable":true,"href":"https:\/\/smartnet.gdn\/index.php\/wp-json\/wp\/v2\/tags?post=131"}],"curies":[{"name":"wp","href":"https:\/\/api.w.org\/{rel}","templated":true}]}}